{"id":23731,"date":"2023-09-12T13:54:37","date_gmt":"2023-09-12T11:54:37","guid":{"rendered":"https:\/\/printfactory.cloud\/printfactory-begruesst-karl-norman-als-anwendungsspezialist-fuer-den-textil-und-grossformatdruck\/"},"modified":"2026-04-29T17:34:36","modified_gmt":"2026-04-29T15:34:36","slug":"printfactory-begruesst-karl-norman-als-anwendungsspezialist-fuer-den-textil-und-grossformatdruck","status":"publish","type":"post","link":"https:\/\/printfactory.cloud\/de\/printfactory-begruesst-karl-norman-als-anwendungsspezialist-fuer-den-textil-und-grossformatdruck\/","title":{"rendered":"PrintFactory begr\u00fc\u00dft Karl Norman als Anwendungsspezialist f\u00fcr den Textil- und Gro\u00dfformatdruck."},"content":{"rendered":"\t\t<div data-elementor-type=\"wp-post\" data-elementor-id=\"23731\" class=\"elementor elementor-23731 elementor-23708\" data-elementor-post-type=\"post\">\n\t\t\t\t<div class=\"elementor-element elementor-element-f359fe2 e-flex e-con-boxed e-con e-parent\" data-id=\"f359fe2\" data-element_type=\"container\" data-e-type=\"container\">\n\t\t\t\t\t<div class=\"e-con-inner\">\n\t\t\t\t<div class=\"elementor-element elementor-element-3910be0 elementor-widget elementor-widget-heading\" data-id=\"3910be0\" data-element_type=\"widget\" data-e-type=\"widget\" data-widget_type=\"heading.default\">\n\t\t\t\t<div class=\"elementor-widget-container\">\n\t\t\t\t\t<h4 class=\"elementor-heading-title elementor-size-default\">PrintFactory begr\u00fc\u00dft Karl Norman als Anwendungsspezialist f\u00fcr den Textil- und Gro\u00dfformatdruck.\n<\/h4>\t\t\t\t<\/div>\n\t\t\t\t<\/div>\n\t\t\t\t\t<\/div>\n\t\t\t\t<\/div>\n\t\t<div class=\"elementor-element elementor-element-fcac546 e-flex e-con-boxed e-con e-parent\" data-id=\"fcac546\" data-element_type=\"container\" data-e-type=\"container\">\n\t\t\t\t\t<div class=\"e-con-inner\">\n\t\t\t\t<div class=\"elementor-element elementor-element-af5aeb2 elementor-widget elementor-widget-image\" data-id=\"af5aeb2\" data-element_type=\"widget\" data-e-type=\"widget\" data-widget_type=\"image.default\">\n\t\t\t\t<div class=\"elementor-widget-container\">\n\t\t\t\t\t\t\t\t\t\t\t\t\t\t\t<img fetchpriority=\"high\" decoding=\"async\" width=\"768\" height=\"192\" src=\"https:\/\/printfactory.cloud\/wp-content\/uploads\/2023\/09\/Karl-web-768x192.png\" class=\"attachment-medium_large size-medium_large wp-image-23714\" alt=\"\" srcset=\"https:\/\/printfactory.cloud\/wp-content\/uploads\/2023\/09\/Karl-web-768x192.png 768w, https:\/\/printfactory.cloud\/wp-content\/uploads\/2023\/09\/Karl-web-300x75.png 300w, https:\/\/printfactory.cloud\/wp-content\/uploads\/2023\/09\/Karl-web-1024x256.png 1024w, https:\/\/printfactory.cloud\/wp-content\/uploads\/2023\/09\/Karl-web.png 1200w\" sizes=\"(max-width: 768px) 100vw, 768px\" \/>\t\t\t\t\t\t\t\t\t\t\t\t\t\t\t<\/div>\n\t\t\t\t<\/div>\n\t\t\t\t\t<\/div>\n\t\t\t\t<\/div>\n\t\t<div class=\"elementor-element elementor-element-9491eae e-flex e-con-boxed e-con e-parent\" data-id=\"9491eae\" data-element_type=\"container\" data-e-type=\"container\">\n\t\t\t\t\t<div class=\"e-con-inner\">\n\t\t\t\t<div class=\"elementor-element elementor-element-21398af elementor-widget elementor-widget-text-editor\" data-id=\"21398af\" data-element_type=\"widget\" data-e-type=\"widget\" data-widget_type=\"text-editor.default\">\n\t\t\t\t<div class=\"elementor-widget-container\">\n\t\t\t\t\t\t\t\t\t<p><b>PrintFactory, ein f\u00fchrender Anbieter von Farbmanagement-, Workflow- und Automatisierungssoftwarel\u00f6sungen f\u00fcr die Gro\u00dfformatdruckindustrie, freut sich, bekannt zu geben, dass Karl Norman das Team als Anwendungsspezialist f\u00fcr den Textil- und Gro\u00dfformatdruck verst\u00e4rkt hat.<\/b><\/p>\t\t\t\t\t\t\t\t<\/div>\n\t\t\t\t<\/div>\n\t\t\t\t\t<\/div>\n\t\t\t\t<\/div>\n\t\t<div class=\"elementor-element elementor-element-0828b9c e-flex e-con-boxed e-con e-parent\" data-id=\"0828b9c\" data-element_type=\"container\" data-e-type=\"container\">\n\t\t\t\t\t<div class=\"e-con-inner\">\n\t\t\t\t<div class=\"elementor-element elementor-element-bf7c868 elementor-widget elementor-widget-text-editor\" data-id=\"bf7c868\" data-element_type=\"widget\" data-e-type=\"widget\" data-widget_type=\"text-editor.default\">\n\t\t\t\t<div class=\"elementor-widget-container\">\n\t\t\t\t\t\t\t\t\t<p><span style=\"font-weight: 400;\">Karl bringt eine F\u00fclle von Erfahrungen und Fachkenntnissen im Bereich Gro\u00dfformatdruck und Textilien mit, da er \u00fcber 10 Jahre bei Durst f\u00fcr das technische Farbmanagement und die Unterst\u00fctzung und Optimierung von Drucker- und Medieneinstellungen f\u00fcr Kunden zust\u00e4ndig war. Dar\u00fcber hinaus f\u00fchrte er interne Schulungen sowie Schulungen f\u00fcr Kunden und Vertriebskan\u00e4le durch. <\/span><\/p>\t\t\t\t\t\t\t\t<\/div>\n\t\t\t\t<\/div>\n\t\t\t\t\t<\/div>\n\t\t\t\t<\/div>\n\t\t<div class=\"elementor-element elementor-element-c41657e e-flex e-con-boxed e-con e-parent\" data-id=\"c41657e\" data-element_type=\"container\" data-e-type=\"container\">\n\t\t\t\t\t<div class=\"e-con-inner\">\n\t\t<div class=\"elementor-element elementor-element-8dd40db e-con-full e-flex e-con e-child\" data-id=\"8dd40db\" data-element_type=\"container\" data-e-type=\"container\">\n\t\t\t\t<div class=\"elementor-element elementor-element-91ec58b elementor-widget elementor-widget-text-editor\" data-id=\"91ec58b\" data-element_type=\"widget\" data-e-type=\"widget\" data-widget_type=\"text-editor.default\">\n\t\t\t\t<div class=\"elementor-widget-container\">\n\t\t\t\t\t\t\t\t\t<p style=\"text-align: center;\"><span style=\"font-weight: 400;\">&#8222;Wir freuen uns sehr, Karl in unserem Team willkommen zu hei\u00dfen&#8220;, sagte <strong>Erik Strik, CEO von PrintFactory<\/strong>. &#8222;Sein umfangreiches Wissen \u00fcber Farbmanagement und Workflow-Optimierung f\u00fcr den Gro\u00dfformatdruck und Textilien wird f\u00fcr unsere Kunden von gro\u00dfem Nutzen sein, und wir freuen uns, ihn an Bord zu haben. Als Anwendungsspezialist f\u00fcr den Textil- und Gro\u00dfformatdruck bei PrintFactory wird Karl weiterhin technischen Farbmanagement- und Workflow-Support und -Optimierung f\u00fcr unsere Kunden anbieten.&#8220; <\/span><\/p>\t\t\t\t\t\t\t\t<\/div>\n\t\t\t\t<\/div>\n\t\t\t\t<\/div>\n\t\t<div class=\"elementor-element elementor-element-0d19308 e-con-full e-flex e-con e-child\" data-id=\"0d19308\" data-element_type=\"container\" data-e-type=\"container\">\n\t\t\t\t<div class=\"elementor-element elementor-element-c95c438 elementor-widget elementor-widget-text-editor\" data-id=\"c95c438\" data-element_type=\"widget\" data-e-type=\"widget\" data-widget_type=\"text-editor.default\">\n\t\t\t\t<div class=\"elementor-widget-container\">\n\t\t\t\t\t\t\t\t\t<p style=\"text-align: center;\"><span style=\"font-weight: 400;\">&#8222;Ich freue mich, dem Team von PrintFactory beizutreten&#8220;, sagte <strong>Karl Norman<\/strong>. &#8222;Ich freue mich darauf, mit einem Unternehmen zusammenzuarbeiten, das im Bereich Farbmanagement und Workflow-Optimierung f\u00fcr Gro\u00dfformatdruck und Textilien f\u00fchrend ist.&#8220; <\/span><\/p>\t\t\t\t\t\t\t\t<\/div>\n\t\t\t\t<\/div>\n\t\t\t\t<\/div>\n\t\t\t\t\t<\/div>\n\t\t\t\t<\/div>\n\t\t<div class=\"elementor-element elementor-element-e2ecc2c e-flex e-con-boxed e-con e-parent\" data-id=\"e2ecc2c\" data-element_type=\"container\" data-e-type=\"container\">\n\t\t\t\t\t<div class=\"e-con-inner\">\n\t\t\t\t<div class=\"elementor-element elementor-element-af3f172 elementor-widget elementor-widget-text-editor\" data-id=\"af3f172\" data-element_type=\"widget\" data-e-type=\"widget\" data-widget_type=\"text-editor.default\">\n\t\t\t\t<div class=\"elementor-widget-container\">\n\t\t\t\t\t\t\t\t\t<p><span style=\"font-weight: 400;\">Karls Fachwissen im Bereich Gro\u00dfformatdruck und Textilien macht ihn zu einem sehr gefragten Experten in der Branche. Sein Wechsel zu PrintFactory ist eine wichtige Erg\u00e4nzung des Teams und ein Beweis f\u00fcr das Engagement des Unternehmens, seinen Kunden die bestm\u00f6gliche Unterst\u00fctzung zu bieten. <\/span><\/p><p><span style=\"font-weight: 400;\">PrintFactorys neue Version von Workflow wurde entwickelt, um PrePress-Workflows zu optimieren, die Ausgabequalit\u00e4t zu verbessern und die mit manueller Arbeit und Fehlern verbundenen Kosten zu senken. Mit dem einfachen Drag-and-Drop-Automatisierungstool von PrePress k\u00f6nnen Anwender ihre eigenen Workflows erstellen und Druckvorlagen m\u00fchelos in druckfertige Dokumente umwandeln. Workflow erm\u00f6glicht die Erstellung mehrerer gleichzeitiger benutzerdefinierter Workflows zur nahtlosen Umwandlung von Druckvorlagen in druckfertige Dokumente, einschlie\u00dflich automatischer Pre-Flight-Inspektionsberichte, mit der Flexibilit\u00e4t, bei Bedarf manuell einzugreifen.  <\/span><\/p><p><span style=\"font-weight: 400;\">Die Aufnahme von Karl in das PrintFactory-Team und die j\u00fcngste Ver\u00f6ffentlichung von Workflow unterstreichen das Engagement des Unternehmens, seinen Kunden innovative und effiziente L\u00f6sungen anzubieten.<\/span><\/p>\t\t\t\t\t\t\t\t<\/div>\n\t\t\t\t<\/div>\n\t\t\t\t\t<\/div>\n\t\t\t\t<\/div>\n\t\t\t\t<\/div>\n\t\t","protected":false},"excerpt":{"rendered":"<p>PrintFactory begr\u00fc\u00dft Karl Norman als Anwendungsspezialist f\u00fcr den Textil- und Gro\u00dfformatdruck. PrintFactory, ein f\u00fchrender Anbieter von Farbmanagement-, Workflow- und Automatisierungssoftwarel\u00f6sungen f\u00fcr die Gro\u00dfformatdruckindustrie, freut sich, bekannt zu geben, dass Karl Norman das Team als Anwendungsspezialist f\u00fcr den Textil- und Gro\u00dfformatdruck verst\u00e4rkt hat. Karl bringt eine F\u00fclle von Erfahrungen und Fachkenntnissen im Bereich Gro\u00dfformatdruck und Textilien [&hellip;]<\/p>\n","protected":false},"author":3,"featured_media":0,"comment_status":"closed","ping_status":"closed","sticky":false,"template":"","format":"standard","meta":{"_angie_page":false,"_monsterinsights_skip_tracking":false,"_monsterinsights_sitenote_active":false,"_monsterinsights_sitenote_note":"","_monsterinsights_sitenote_category":0,"page_builder":"","footnotes":""},"categories":[61],"tags":[],"class_list":["post-23731","post","type-post","status-publish","format-standard","hentry","category-unkategorisiert"],"yoast_head":"<!-- This site is optimized with the Yoast SEO Premium plugin v27.5 (Yoast SEO v27.5) - https:\/\/yoast.com\/product\/yoast-seo-premium-wordpress\/ -->\n<title>PrintFactory begr\u00fc\u00dft Karl Norman als Anwendungsspezialist f\u00fcr den Textil- und Gro\u00dfformatdruck. - printfactory.cloud<\/title>\n<meta name=\"description\" content=\"PrintFactory begr\u00fc\u00dft Karl Norman als Anwendungsspezialist f\u00fcr den Textil- und Gro\u00dfformatdruck.\" \/>\n<meta name=\"robots\" content=\"index, follow, max-snippet:-1, max-image-preview:large, max-video-preview:-1\" \/>\n<link rel=\"canonical\" href=\"https:\/\/printfactory.cloud\/de\/printfactory-begruesst-karl-norman-als-anwendungsspezialist-fuer-den-textil-und-grossformatdruck\/\" \/>\n<meta property=\"og:locale\" content=\"de_DE\" \/>\n<meta property=\"og:type\" content=\"article\" \/>\n<meta property=\"og:title\" content=\"PrintFactory begr\u00fc\u00dft Karl Norman als Anwendungsspezialist f\u00fcr den Textil- und Gro\u00dfformatdruck.\" \/>\n<meta property=\"og:description\" content=\"PrintFactory: The Leading All-in-One Solution for Large-Format Printing. PrintFactory is the premier provider of large-format printing solutions, delivering a powerful, unified software platform that streamlines and optimizes your entire print production process. With over 30 years of industry experience, we deeply understand the challenges printing professionals face\u2014and we&#039;ve built PrintFactory as the ultimate all-in-one solution. Unlike traditional RIPs, PrintFactory goes far beyond basic functionality. It integrates every stage of the workflow\u2014from design to delivery\u2014into one seamless, cohesive platform. This eliminates the need for multiple tools, reduces complexity, and delivers a faster, more efficient experience that drives consistent quality and higher profitability. One platform. Total control. Built for printers, by printers. Discover more at printfactory.cloud\" \/>\n<meta property=\"og:url\" content=\"https:\/\/printfactory.cloud\/de\/printfactory-begruesst-karl-norman-als-anwendungsspezialist-fuer-den-textil-und-grossformatdruck\/\" \/>\n<meta property=\"og:site_name\" content=\"printfactory.cloud\" \/>\n<meta property=\"article:publisher\" content=\"https:\/\/www.facebook.com\/printfactory.cloud\" \/>\n<meta property=\"article:published_time\" content=\"2023-09-12T11:54:37+00:00\" \/>\n<meta property=\"article:modified_time\" content=\"2026-04-29T15:34:36+00:00\" \/>\n<meta property=\"og:image\" content=\"https:\/\/printfactory.cloud\/wp-content\/uploads\/2023\/09\/Karl-web.webp\" \/>\n\t<meta property=\"og:image:width\" content=\"1200\" \/>\n\t<meta property=\"og:image:height\" content=\"300\" \/>\n\t<meta property=\"og:image:type\" content=\"image\/webp\" \/>\n<meta name=\"author\" content=\"Debra Hobden\" \/>\n<meta name=\"twitter:card\" content=\"summary_large_image\" \/>\n<meta name=\"twitter:creator\" content=\"@PrintFactory_\" \/>\n<meta name=\"twitter:site\" content=\"@PrintFactory_\" \/>\n<meta name=\"twitter:label1\" content=\"Verfasst von\" \/>\n\t<meta name=\"twitter:data1\" content=\"Debra Hobden\" \/>\n\t<meta name=\"twitter:label2\" content=\"Gesch\u00e4tzte Lesezeit\" \/>\n\t<meta name=\"twitter:data2\" content=\"2\u00a0Minuten\" \/>\n<script type=\"application\/ld+json\" class=\"yoast-schema-graph\">{\"@context\":\"https:\\\/\\\/schema.org\",\"@graph\":[{\"@type\":\"Article\",\"@id\":\"https:\\\/\\\/printfactory.cloud\\\/de\\\/printfactory-begruesst-karl-norman-als-anwendungsspezialist-fuer-den-textil-und-grossformatdruck\\\/#article\",\"isPartOf\":{\"@id\":\"https:\\\/\\\/printfactory.cloud\\\/de\\\/printfactory-begruesst-karl-norman-als-anwendungsspezialist-fuer-den-textil-und-grossformatdruck\\\/\"},\"author\":{\"name\":\"Debra Hobden\",\"@id\":\"https:\\\/\\\/printfactory.cloud\\\/de\\\/#\\\/schema\\\/person\\\/a0579e98834a3a7be731cf200a9bffc9\"},\"headline\":\"PrintFactory begr\u00fc\u00dft Karl Norman als Anwendungsspezialist f\u00fcr den Textil- und Gro\u00dfformatdruck.\",\"datePublished\":\"2023-09-12T11:54:37+00:00\",\"dateModified\":\"2026-04-29T15:34:36+00:00\",\"mainEntityOfPage\":{\"@id\":\"https:\\\/\\\/printfactory.cloud\\\/de\\\/printfactory-begruesst-karl-norman-als-anwendungsspezialist-fuer-den-textil-und-grossformatdruck\\\/\"},\"wordCount\":388,\"publisher\":{\"@id\":\"https:\\\/\\\/printfactory.cloud\\\/de\\\/#organization\"},\"image\":{\"@id\":\"https:\\\/\\\/printfactory.cloud\\\/de\\\/printfactory-begruesst-karl-norman-als-anwendungsspezialist-fuer-den-textil-und-grossformatdruck\\\/#primaryimage\"},\"thumbnailUrl\":\"https:\\\/\\\/printfactory.cloud\\\/wp-content\\\/uploads\\\/2023\\\/09\\\/Karl-web-768x192.webp\",\"articleSection\":[\"Unkategorisiert\"],\"inLanguage\":\"de\"},{\"@type\":\"WebPage\",\"@id\":\"https:\\\/\\\/printfactory.cloud\\\/de\\\/printfactory-begruesst-karl-norman-als-anwendungsspezialist-fuer-den-textil-und-grossformatdruck\\\/\",\"url\":\"https:\\\/\\\/printfactory.cloud\\\/de\\\/printfactory-begruesst-karl-norman-als-anwendungsspezialist-fuer-den-textil-und-grossformatdruck\\\/\",\"name\":\"PrintFactory begr\u00fc\u00dft Karl Norman als Anwendungsspezialist f\u00fcr den Textil- und Gro\u00dfformatdruck. - printfactory.cloud\",\"isPartOf\":{\"@id\":\"https:\\\/\\\/printfactory.cloud\\\/de\\\/#website\"},\"primaryImageOfPage\":{\"@id\":\"https:\\\/\\\/printfactory.cloud\\\/de\\\/printfactory-begruesst-karl-norman-als-anwendungsspezialist-fuer-den-textil-und-grossformatdruck\\\/#primaryimage\"},\"image\":{\"@id\":\"https:\\\/\\\/printfactory.cloud\\\/de\\\/printfactory-begruesst-karl-norman-als-anwendungsspezialist-fuer-den-textil-und-grossformatdruck\\\/#primaryimage\"},\"thumbnailUrl\":\"https:\\\/\\\/printfactory.cloud\\\/wp-content\\\/uploads\\\/2023\\\/09\\\/Karl-web-768x192.webp\",\"datePublished\":\"2023-09-12T11:54:37+00:00\",\"dateModified\":\"2026-04-29T15:34:36+00:00\",\"description\":\"PrintFactory begr\u00fc\u00dft Karl Norman als Anwendungsspezialist f\u00fcr den Textil- und Gro\u00dfformatdruck.\",\"breadcrumb\":{\"@id\":\"https:\\\/\\\/printfactory.cloud\\\/de\\\/printfactory-begruesst-karl-norman-als-anwendungsspezialist-fuer-den-textil-und-grossformatdruck\\\/#breadcrumb\"},\"inLanguage\":\"de\",\"potentialAction\":[{\"@type\":\"ReadAction\",\"target\":[\"https:\\\/\\\/printfactory.cloud\\\/de\\\/printfactory-begruesst-karl-norman-als-anwendungsspezialist-fuer-den-textil-und-grossformatdruck\\\/\"]}]},{\"@type\":\"ImageObject\",\"inLanguage\":\"de\",\"@id\":\"https:\\\/\\\/printfactory.cloud\\\/de\\\/printfactory-begruesst-karl-norman-als-anwendungsspezialist-fuer-den-textil-und-grossformatdruck\\\/#primaryimage\",\"url\":\"https:\\\/\\\/printfactory.cloud\\\/wp-content\\\/uploads\\\/2023\\\/09\\\/Karl-web-768x192.webp\",\"contentUrl\":\"https:\\\/\\\/printfactory.cloud\\\/wp-content\\\/uploads\\\/2023\\\/09\\\/Karl-web-768x192.webp\"},{\"@type\":\"BreadcrumbList\",\"@id\":\"https:\\\/\\\/printfactory.cloud\\\/de\\\/printfactory-begruesst-karl-norman-als-anwendungsspezialist-fuer-den-textil-und-grossformatdruck\\\/#breadcrumb\",\"itemListElement\":[{\"@type\":\"ListItem\",\"position\":1,\"name\":\"Home\",\"item\":\"https:\\\/\\\/printfactory.cloud\\\/de\\\/kontrolle\\\/\"},{\"@type\":\"ListItem\",\"position\":2,\"name\":\"PrintFactory begr\u00fc\u00dft Karl Norman als Anwendungsspezialist f\u00fcr den Textil- und Gro\u00dfformatdruck.\"}]},{\"@type\":\"WebSite\",\"@id\":\"https:\\\/\\\/printfactory.cloud\\\/de\\\/#website\",\"url\":\"https:\\\/\\\/printfactory.cloud\\\/de\\\/\",\"name\":\"printfactory.cloud\",\"description\":\"One unified production environment\",\"publisher\":{\"@id\":\"https:\\\/\\\/printfactory.cloud\\\/de\\\/#organization\"},\"potentialAction\":[{\"@type\":\"SearchAction\",\"target\":{\"@type\":\"EntryPoint\",\"urlTemplate\":\"https:\\\/\\\/printfactory.cloud\\\/de\\\/?s={search_term_string}\"},\"query-input\":{\"@type\":\"PropertyValueSpecification\",\"valueRequired\":true,\"valueName\":\"search_term_string\"}}],\"inLanguage\":\"de\"},{\"@type\":\"Organization\",\"@id\":\"https:\\\/\\\/printfactory.cloud\\\/de\\\/#organization\",\"name\":\"PrintFactory BV\",\"url\":\"https:\\\/\\\/printfactory.cloud\\\/de\\\/\",\"logo\":{\"@type\":\"ImageObject\",\"inLanguage\":\"de\",\"@id\":\"https:\\\/\\\/printfactory.cloud\\\/de\\\/#\\\/schema\\\/logo\\\/image\\\/\",\"url\":\"https:\\\/\\\/printfactory.cloud\\\/wp-content\\\/uploads\\\/2023\\\/05\\\/PrintFactory-web.webp\",\"contentUrl\":\"https:\\\/\\\/printfactory.cloud\\\/wp-content\\\/uploads\\\/2023\\\/05\\\/PrintFactory-web.webp\",\"width\":350,\"height\":63,\"caption\":\"PrintFactory BV\"},\"image\":{\"@id\":\"https:\\\/\\\/printfactory.cloud\\\/de\\\/#\\\/schema\\\/logo\\\/image\\\/\"},\"sameAs\":[\"https:\\\/\\\/www.facebook.com\\\/printfactory.cloud\",\"https:\\\/\\\/x.com\\\/PrintFactory_\",\"https:\\\/\\\/www.linkedin.com\\\/company\\\/printfactoryworkflow\\\/\",\"https:\\\/\\\/www.instagram.com\\\/printfactory.cloud\\\/\",\"https:\\\/\\\/www.youtube.com\\\/@PrintFactoryWorkflow\",\"https:\\\/\\\/www.threads.com\\\/@printfactory.cloud\",\"https:\\\/\\\/bsky.app\\\/profile\\\/printfactorycloud.bsky.social\"],\"description\":\"PrintFactory: The Leading All-in-One Solution for Large-Format Printing PrintFactory is the premier provider of large-format printing solutions, delivering a powerful, unified software platform that streamlines and optimizes your entire print production process. With over 30 years of industry experience, we deeply understand the challenges printing professionals face\u2014and we've built PrintFactory as the ultimate all-in-one solution. Unlike traditional RIPs, PrintFactory goes far beyond basic functionality. It integrates every stage of the workflow\u2014from design to delivery\u2014into one seamless, cohesive platform. This eliminates the need for multiple tools, reduces complexity, and delivers a faster, more efficient experience that drives consistent quality and higher profitability. One platform. Total control. Built for printers, by printers. Discover more at printfactory.cloud\",\"email\":\"info@printfactory.cloud\",\"telephone\":\"+31 20 899 5953\",\"legalName\":\"PrintFactory BV\",\"vatID\":\"NL006403165B01\"},{\"@type\":\"Person\",\"@id\":\"https:\\\/\\\/printfactory.cloud\\\/de\\\/#\\\/schema\\\/person\\\/a0579e98834a3a7be731cf200a9bffc9\",\"name\":\"Debra Hobden\",\"image\":{\"@type\":\"ImageObject\",\"inLanguage\":\"de\",\"@id\":\"https:\\\/\\\/secure.gravatar.com\\\/avatar\\\/590685e11de06f5e3ac82536338ea60222ffb9165e6cbcc10397831be7f5d7a6?s=96&d=mm&r=g\",\"url\":\"https:\\\/\\\/secure.gravatar.com\\\/avatar\\\/590685e11de06f5e3ac82536338ea60222ffb9165e6cbcc10397831be7f5d7a6?s=96&d=mm&r=g\",\"contentUrl\":\"https:\\\/\\\/secure.gravatar.com\\\/avatar\\\/590685e11de06f5e3ac82536338ea60222ffb9165e6cbcc10397831be7f5d7a6?s=96&d=mm&r=g\",\"caption\":\"Debra Hobden\"},\"url\":\"https:\\\/\\\/printfactory.cloud\\\/de\\\/author\\\/debra\\\/\"}]}<\/script>\n<!-- \/ Yoast SEO Premium plugin. -->","yoast_head_json":{"title":"PrintFactory begr\u00fc\u00dft Karl Norman als Anwendungsspezialist f\u00fcr den Textil- und Gro\u00dfformatdruck. - printfactory.cloud","description":"PrintFactory begr\u00fc\u00dft Karl Norman als Anwendungsspezialist f\u00fcr den Textil- und Gro\u00dfformatdruck.","robots":{"index":"index","follow":"follow","max-snippet":"max-snippet:-1","max-image-preview":"max-image-preview:large","max-video-preview":"max-video-preview:-1"},"canonical":"https:\/\/printfactory.cloud\/de\/printfactory-begruesst-karl-norman-als-anwendungsspezialist-fuer-den-textil-und-grossformatdruck\/","og_locale":"de_DE","og_type":"article","og_title":"PrintFactory begr\u00fc\u00dft Karl Norman als Anwendungsspezialist f\u00fcr den Textil- und Gro\u00dfformatdruck.","og_description":"PrintFactory: The Leading All-in-One Solution for Large-Format Printing. PrintFactory is the premier provider of large-format printing solutions, delivering a powerful, unified software platform that streamlines and optimizes your entire print production process. With over 30 years of industry experience, we deeply understand the challenges printing professionals face\u2014and we've built PrintFactory as the ultimate all-in-one solution. Unlike traditional RIPs, PrintFactory goes far beyond basic functionality. It integrates every stage of the workflow\u2014from design to delivery\u2014into one seamless, cohesive platform. This eliminates the need for multiple tools, reduces complexity, and delivers a faster, more efficient experience that drives consistent quality and higher profitability. One platform. Total control. Built for printers, by printers. Discover more at printfactory.cloud","og_url":"https:\/\/printfactory.cloud\/de\/printfactory-begruesst-karl-norman-als-anwendungsspezialist-fuer-den-textil-und-grossformatdruck\/","og_site_name":"printfactory.cloud","article_publisher":"https:\/\/www.facebook.com\/printfactory.cloud","article_published_time":"2023-09-12T11:54:37+00:00","article_modified_time":"2026-04-29T15:34:36+00:00","og_image":[{"width":1200,"height":300,"url":"https:\/\/printfactory.cloud\/wp-content\/uploads\/2023\/09\/Karl-web.webp","type":"image\/webp"}],"author":"Debra Hobden","twitter_card":"summary_large_image","twitter_creator":"@PrintFactory_","twitter_site":"@PrintFactory_","twitter_misc":{"Verfasst von":"Debra Hobden","Gesch\u00e4tzte Lesezeit":"2\u00a0Minuten"},"schema":{"@context":"https:\/\/schema.org","@graph":[{"@type":"Article","@id":"https:\/\/printfactory.cloud\/de\/printfactory-begruesst-karl-norman-als-anwendungsspezialist-fuer-den-textil-und-grossformatdruck\/#article","isPartOf":{"@id":"https:\/\/printfactory.cloud\/de\/printfactory-begruesst-karl-norman-als-anwendungsspezialist-fuer-den-textil-und-grossformatdruck\/"},"author":{"name":"Debra Hobden","@id":"https:\/\/printfactory.cloud\/de\/#\/schema\/person\/a0579e98834a3a7be731cf200a9bffc9"},"headline":"PrintFactory begr\u00fc\u00dft Karl Norman als Anwendungsspezialist f\u00fcr den Textil- und Gro\u00dfformatdruck.","datePublished":"2023-09-12T11:54:37+00:00","dateModified":"2026-04-29T15:34:36+00:00","mainEntityOfPage":{"@id":"https:\/\/printfactory.cloud\/de\/printfactory-begruesst-karl-norman-als-anwendungsspezialist-fuer-den-textil-und-grossformatdruck\/"},"wordCount":388,"publisher":{"@id":"https:\/\/printfactory.cloud\/de\/#organization"},"image":{"@id":"https:\/\/printfactory.cloud\/de\/printfactory-begruesst-karl-norman-als-anwendungsspezialist-fuer-den-textil-und-grossformatdruck\/#primaryimage"},"thumbnailUrl":"https:\/\/printfactory.cloud\/wp-content\/uploads\/2023\/09\/Karl-web-768x192.webp","articleSection":["Unkategorisiert"],"inLanguage":"de"},{"@type":"WebPage","@id":"https:\/\/printfactory.cloud\/de\/printfactory-begruesst-karl-norman-als-anwendungsspezialist-fuer-den-textil-und-grossformatdruck\/","url":"https:\/\/printfactory.cloud\/de\/printfactory-begruesst-karl-norman-als-anwendungsspezialist-fuer-den-textil-und-grossformatdruck\/","name":"PrintFactory begr\u00fc\u00dft Karl Norman als Anwendungsspezialist f\u00fcr den Textil- und Gro\u00dfformatdruck. - printfactory.cloud","isPartOf":{"@id":"https:\/\/printfactory.cloud\/de\/#website"},"primaryImageOfPage":{"@id":"https:\/\/printfactory.cloud\/de\/printfactory-begruesst-karl-norman-als-anwendungsspezialist-fuer-den-textil-und-grossformatdruck\/#primaryimage"},"image":{"@id":"https:\/\/printfactory.cloud\/de\/printfactory-begruesst-karl-norman-als-anwendungsspezialist-fuer-den-textil-und-grossformatdruck\/#primaryimage"},"thumbnailUrl":"https:\/\/printfactory.cloud\/wp-content\/uploads\/2023\/09\/Karl-web-768x192.webp","datePublished":"2023-09-12T11:54:37+00:00","dateModified":"2026-04-29T15:34:36+00:00","description":"PrintFactory begr\u00fc\u00dft Karl Norman als Anwendungsspezialist f\u00fcr den Textil- und Gro\u00dfformatdruck.","breadcrumb":{"@id":"https:\/\/printfactory.cloud\/de\/printfactory-begruesst-karl-norman-als-anwendungsspezialist-fuer-den-textil-und-grossformatdruck\/#breadcrumb"},"inLanguage":"de","potentialAction":[{"@type":"ReadAction","target":["https:\/\/printfactory.cloud\/de\/printfactory-begruesst-karl-norman-als-anwendungsspezialist-fuer-den-textil-und-grossformatdruck\/"]}]},{"@type":"ImageObject","inLanguage":"de","@id":"https:\/\/printfactory.cloud\/de\/printfactory-begruesst-karl-norman-als-anwendungsspezialist-fuer-den-textil-und-grossformatdruck\/#primaryimage","url":"https:\/\/printfactory.cloud\/wp-content\/uploads\/2023\/09\/Karl-web-768x192.webp","contentUrl":"https:\/\/printfactory.cloud\/wp-content\/uploads\/2023\/09\/Karl-web-768x192.webp"},{"@type":"BreadcrumbList","@id":"https:\/\/printfactory.cloud\/de\/printfactory-begruesst-karl-norman-als-anwendungsspezialist-fuer-den-textil-und-grossformatdruck\/#breadcrumb","itemListElement":[{"@type":"ListItem","position":1,"name":"Home","item":"https:\/\/printfactory.cloud\/de\/kontrolle\/"},{"@type":"ListItem","position":2,"name":"PrintFactory begr\u00fc\u00dft Karl Norman als Anwendungsspezialist f\u00fcr den Textil- und Gro\u00dfformatdruck."}]},{"@type":"WebSite","@id":"https:\/\/printfactory.cloud\/de\/#website","url":"https:\/\/printfactory.cloud\/de\/","name":"printfactory.cloud","description":"One unified production environment","publisher":{"@id":"https:\/\/printfactory.cloud\/de\/#organization"},"potentialAction":[{"@type":"SearchAction","target":{"@type":"EntryPoint","urlTemplate":"https:\/\/printfactory.cloud\/de\/?s={search_term_string}"},"query-input":{"@type":"PropertyValueSpecification","valueRequired":true,"valueName":"search_term_string"}}],"inLanguage":"de"},{"@type":"Organization","@id":"https:\/\/printfactory.cloud\/de\/#organization","name":"PrintFactory BV","url":"https:\/\/printfactory.cloud\/de\/","logo":{"@type":"ImageObject","inLanguage":"de","@id":"https:\/\/printfactory.cloud\/de\/#\/schema\/logo\/image\/","url":"https:\/\/printfactory.cloud\/wp-content\/uploads\/2023\/05\/PrintFactory-web.webp","contentUrl":"https:\/\/printfactory.cloud\/wp-content\/uploads\/2023\/05\/PrintFactory-web.webp","width":350,"height":63,"caption":"PrintFactory BV"},"image":{"@id":"https:\/\/printfactory.cloud\/de\/#\/schema\/logo\/image\/"},"sameAs":["https:\/\/www.facebook.com\/printfactory.cloud","https:\/\/x.com\/PrintFactory_","https:\/\/www.linkedin.com\/company\/printfactoryworkflow\/","https:\/\/www.instagram.com\/printfactory.cloud\/","https:\/\/www.youtube.com\/@PrintFactoryWorkflow","https:\/\/www.threads.com\/@printfactory.cloud","https:\/\/bsky.app\/profile\/printfactorycloud.bsky.social"],"description":"PrintFactory: The Leading All-in-One Solution for Large-Format Printing PrintFactory is the premier provider of large-format printing solutions, delivering a powerful, unified software platform that streamlines and optimizes your entire print production process. With over 30 years of industry experience, we deeply understand the challenges printing professionals face\u2014and we've built PrintFactory as the ultimate all-in-one solution. Unlike traditional RIPs, PrintFactory goes far beyond basic functionality. It integrates every stage of the workflow\u2014from design to delivery\u2014into one seamless, cohesive platform. This eliminates the need for multiple tools, reduces complexity, and delivers a faster, more efficient experience that drives consistent quality and higher profitability. One platform. Total control. Built for printers, by printers. Discover more at printfactory.cloud","email":"info@printfactory.cloud","telephone":"+31 20 899 5953","legalName":"PrintFactory BV","vatID":"NL006403165B01"},{"@type":"Person","@id":"https:\/\/printfactory.cloud\/de\/#\/schema\/person\/a0579e98834a3a7be731cf200a9bffc9","name":"Debra Hobden","image":{"@type":"ImageObject","inLanguage":"de","@id":"https:\/\/secure.gravatar.com\/avatar\/590685e11de06f5e3ac82536338ea60222ffb9165e6cbcc10397831be7f5d7a6?s=96&d=mm&r=g","url":"https:\/\/secure.gravatar.com\/avatar\/590685e11de06f5e3ac82536338ea60222ffb9165e6cbcc10397831be7f5d7a6?s=96&d=mm&r=g","contentUrl":"https:\/\/secure.gravatar.com\/avatar\/590685e11de06f5e3ac82536338ea60222ffb9165e6cbcc10397831be7f5d7a6?s=96&d=mm&r=g","caption":"Debra Hobden"},"url":"https:\/\/printfactory.cloud\/de\/author\/debra\/"}]}},"_links":{"self":[{"href":"https:\/\/printfactory.cloud\/de\/wp-json\/wp\/v2\/posts\/23731","targetHints":{"allow":["GET"]}}],"collection":[{"href":"https:\/\/printfactory.cloud\/de\/wp-json\/wp\/v2\/posts"}],"about":[{"href":"https:\/\/printfactory.cloud\/de\/wp-json\/wp\/v2\/types\/post"}],"author":[{"embeddable":true,"href":"https:\/\/printfactory.cloud\/de\/wp-json\/wp\/v2\/users\/3"}],"replies":[{"embeddable":true,"href":"https:\/\/printfactory.cloud\/de\/wp-json\/wp\/v2\/comments?post=23731"}],"version-history":[{"count":4,"href":"https:\/\/printfactory.cloud\/de\/wp-json\/wp\/v2\/posts\/23731\/revisions"}],"predecessor-version":[{"id":41886,"href":"https:\/\/printfactory.cloud\/de\/wp-json\/wp\/v2\/posts\/23731\/revisions\/41886"}],"wp:attachment":[{"href":"https:\/\/printfactory.cloud\/de\/wp-json\/wp\/v2\/media?parent=23731"}],"wp:term":[{"taxonomy":"category","embeddable":true,"href":"https:\/\/printfactory.cloud\/de\/wp-json\/wp\/v2\/categories?post=23731"},{"taxonomy":"post_tag","embeddable":true,"href":"https:\/\/printfactory.cloud\/de\/wp-json\/wp\/v2\/tags?post=23731"}],"curies":[{"name":"wp","href":"https:\/\/api.w.org\/{rel}","templated":true}]}}